{"id":407,"date":"2019-10-31T11:06:29","date_gmt":"2019-10-31T14:06:29","guid":{"rendered":"https:\/\/protermica.com.br\/?p=407"},"modified":"2020-02-27T21:20:00","modified_gmt":"2020-02-28T00:20:00","slug":"sindrome-do-edificio-doente","status":"publish","type":"post","link":"https:\/\/protermica.com.br\/home\/blog\/sindrome-do-edificio-doente\/","title":{"rendered":"S\u00edndrome do edif\u00edcio doente: o que \u00e9 e como evit\u00e1-la"},"content":{"rendered":"\n<p>Voc\u00ea j\u00e1 ouviu falar sobre a S\u00edndrome do Edif\u00edcio Doente?<\/p>\n<p>Ou j\u00e1 sentiu que, ao entrar em algum pr\u00e9dio, os seus olhos ficaram mais sens\u00edveis, o nariz irritado, sentiu dor de cabe\u00e7a ou, at\u00e9 mesmo, fadiga?<\/p>\n<p>Nesse caso, voc\u00ea provavelmente entrou em um edif\u00edcio doente.<\/p>\n<p>Reconhecida pela <a href=\"https:\/\/pt.wikipedia.org\/wiki\/Organiza%C3%A7%C3%A3o_Mundial_da_Sa%C3%BAde\"><strong>Organiza\u00e7\u00e3o Mundial da Sa\u00fade (OMS)<\/strong><\/a>, a S\u00edndrome do Edif\u00edcio Doente \u00e9 uma enfermidade normalmente relacionada a falhas no sistema de climatiza\u00e7\u00e3o da constru\u00e7\u00e3o.<\/p>\n<p>Um <a href=\"http:\/\/www.inmetro.gov.br\/consumidor\/produtos\/QualidadedoAr_b.asp#resultado\">estudo<\/a> do Instituto Nacional de Metrologia, Qualidade e Tecnologia (Inmetro) apontou que cerca de 42% dos estabelecimentos possuem contamina\u00e7\u00e3o por poluentes qu\u00edmicos, e 52% apresentam problemas de baixa temperatura e umidade.<\/p>\n<p>Todos estes s\u00e3o fatores que causam a s\u00edndrome. Ent\u00e3o, se voc\u00ea quer entender melhor essa doen\u00e7a, suas causas e como evit\u00e1-la, continue a leitura!<\/p>\n<p>&nbsp;<\/p>\n<h2>O que \u00e9 a S\u00edndrome do Edif\u00edcio Doente<\/h2>\n<p>De acordo com a Organiza\u00e7\u00e3o Mundial de Sa\u00fade (OMS), a S\u00edndrome do Edif\u00edcio Doente, tamb\u00e9m chamada de SED, \u00e9 um conjunto de doen\u00e7as causadas ou estimuladas pela polui\u00e7\u00e3o e contamina\u00e7\u00e3o do ar em espa\u00e7os fechados.<\/p>\n<p>Em sua grande maioria, os principais focos do SED s\u00e3o as enormes edifica\u00e7\u00f5es que come\u00e7aram a aparecer na d\u00e9cada de 1970 e, atualmente, ainda est\u00e3o em uso por diversas pessoas.<\/p>\n<p>Existem, ainda, pr\u00e9dios do final da d\u00e9cada de 1930, que s\u00e3o utilizados pelo servi\u00e7o p\u00fablico e empresas mais antigas, que possuem escrit\u00f3rios nos centros das cidades.<\/p>\n<p>Mas, para que um edif\u00edcio ou constru\u00e7\u00e3o seja considerado perigoso e apresentar riscos de SED, \u00e9 necess\u00e1rio que pelo menos 20% dos seus usu\u00e1rios apare\u00e7am com sintomas da s\u00edndrome,<strong> como dor de cabe\u00e7a, n\u00e1useas, ardor nos olhos ou coriza.<\/strong><\/p>\n<p>Nesse sentido, podemos dizer que a SED se refere \u00e0 rela\u00e7\u00e3o de causa e efeito entre as condi\u00e7\u00f5es do ambiente interno de uma constru\u00e7\u00e3o e a sua agress\u00e3o \u00e0 sa\u00fade de seus ocupantes.<\/p>\n<p>A OMS destaca que existem dois tipos de edif\u00edcios doentes:<\/p>\n<ul>\n<li>Os tempor\u00e1rios, que dizem respeito aos rec\u00e9m-constru\u00eddos ou que estejam passando por uma remodela\u00e7\u00e3o e apresentam irregularidades que desaparecem com o tempo.<\/li>\n<li>Os permanentes, que s\u00e3o as constru\u00e7\u00f5es que possuem erros de projeto, falta de manuten\u00e7\u00e3o adequada, est\u00e3o desatualizados, entre outros fatores.<\/li>\n<\/ul>\n<h3>&nbsp;<\/h3>\n<h2>Como surgiu a S\u00edndrome do Edif\u00edcio Doente<\/h2>\n<p><img loading=\"lazy\" class=\"alignnone  wp-image-409\" src=\"http:\/\/www.protermica.com.br\/wp-content\/uploads\/2019\/10\/edificio_antigo.jpg\" alt=\"edificio velho e doente\" width=\"376\" height=\"563\" srcset=\"https:\/\/protermica.com.br\/wp-content\/uploads\/2019\/10\/edificio_antigo.jpg 334w, https:\/\/protermica.com.br\/wp-content\/uploads\/2019\/10\/edificio_antigo-200x300.jpg 200w\" sizes=\"(max-width: 376px) 100vw, 376px\" \/><\/p>\n<p>Existem relatos de trabalhadores americanos e europeus desde a d\u00e9cada de 1970.<\/p>\n<p>S\u00e3o pessoas que passavam muitas horas em edif\u00edcios mais fechados e com pouca circula\u00e7\u00e3o do ar ou, at\u00e9 mesmo, com equipamentos e estruturas muito antigas.<\/p>\n<p>Mas, a s\u00edndrome foi reconhecida pela primeira vez em 1982, quando a Organiza\u00e7\u00e3o Mundial da Sa\u00fade comprovou a <a href=\"http:\/\/www.inmetro.gov.br\/producaointelectual\/obras_intelectuais\/224_obraIntelectual.pdf\">morte de 34 pessoas e o cont\u00e1gio de outras 182<\/a> pela bact\u00e9ria <em>Legionellapneumophila<\/em> por meio do ar interno de um hotel na Filad\u00e9lfia, nos Estados Unidos.<\/p>\n<h2>&nbsp;<\/h2>\n<h2>Quais os sintomas da S\u00edndrome do Edif\u00edcio Doente<\/h2>\n<p>Os sintomas da SED podem surgir de forma isolada ou combinados, mas, eles s\u00e3o comumente confundidos com doen\u00e7as respirat\u00f3rias comuns.<\/p>\n<p>Isso porque, os sintomas da SED s\u00e3o divididos em quatro grupos principais: problemas nos olhos, manifesta\u00e7\u00f5es respirat\u00f3rias, manifesta\u00e7\u00f5es cut\u00e2neas e problemas gerais.<\/p>\n<p>Dentre os mais comuns, podemos destacar:<\/p>\n<ul>\n<li>Dor de cabe\u00e7a.<\/li>\n<li>Fadiga.<\/li>\n<li>Letargia.<\/li>\n<li>Prurido e ardor nos olhos.<\/li>\n<li>Irrita\u00e7\u00e3o do nariz e da garganta.<\/li>\n<li>Problemas cut\u00e2neos.<\/li>\n<li>Dificuldade de concentra\u00e7\u00e3o.<\/li>\n<li>Lacrimejamento constante dos olhos e aumento na sensibilidade.<\/li>\n<li>Rinite e outras doen\u00e7as respirat\u00f3rias.<\/li>\n<li>Constipa\u00e7\u00e3o nasal.<\/li>\n<li>Secura na pele.<\/li>\n<li>Alergias e dermatoses em geral.<\/li>\n<li>Vertigem e tonturas.<\/li>\n<\/ul>\n<p>Vale ressaltar que n\u00e3o s\u00e3o todos os ocupantes de um edif\u00edcio doente que apresentar\u00e3o os sintomas, por isso \u00e9 sempre essencial que a investiga\u00e7\u00e3o do ambiente seja realizada para um diagn\u00f3stico correto.<\/p>\n<p>Em geral, as doen\u00e7as que est\u00e3o relacionadas ao pr\u00e9dio t\u00eam suas caracter\u00edsticas mais claras quando a pessoa que apresenta os sintomas no ambiente melhora quando sai dele.<\/p>\n<p>Uma pessoa acometida pelas consequ\u00eancias da SED, acaba perdendo a <strong><a href=\"http:\/\/www.protermica.com.br\/blog\/produtividade-no-trabalho\/\">produtividade<\/a><\/strong>.&nbsp;<\/p>\n<h2>&nbsp;<\/h2>\n<h2>Causas da S\u00edndrome do Edif\u00edcio Doente<\/h2>\n<p>Existem in\u00fameros fatores que podem causar a SED, principalmente por edif\u00edcios possu\u00edrem diversas fontes de propaga\u00e7\u00e3o de micro-organismos infecciosos e part\u00edculas t\u00f3xicas, como materiais de constru\u00e7\u00e3o, produtos de limpeza, equipamentos etc.<\/p>\n<p>Al\u00e9m disso, a S\u00edndrome do Edif\u00edcio Doente est\u00e1 diretamente associada a fatores como falta de impermeabiliza\u00e7\u00e3o nos pr\u00e9dios e descuido com a higieniza\u00e7\u00e3o e manuten\u00e7\u00e3o no sistema de ar condicionado.<\/p>\n<p>Mas, existem quatro principais fatores que podem causar a SED.<\/p>\n<p>S\u00e3o eles:<\/p>\n<ul>\n<li><strong>Qu\u00edmicos:<\/strong> subst\u00e2ncias presentes nos solos, len\u00e7\u00f3is fre\u00e1ticos e materiais como pedras, tijolos e concreto, al\u00e9m de materiais sint\u00e9ticos e equipamentos. Os qu\u00edmicos podem ser liberados no ambiente pelo mobili\u00e1rio ou falta de renova\u00e7\u00e3o do ar, higiene e manuten\u00e7\u00e3o ao longo do tempo.<\/li>\n<li><strong>Biol\u00f3gicos:<\/strong>s\u00e3o bact\u00e9rias, fungos, protozo\u00e1rios, artr\u00f3podes, v\u00edrus e excrementos de animais em geral, que podem contaminar o ambiente e surgem devido \u00e0 falta de manuten\u00e7\u00e3o e limpeza adequada de aparelhos, infiltra\u00e7\u00f5es e vazamentos, al\u00e9m da n\u00e3o realiza\u00e7\u00e3o da dedetiza\u00e7\u00e3o peri\u00f3dica no pr\u00e9dio.<\/li>\n<li><strong>F\u00edsicos:<\/strong> aqui entra a ilumina\u00e7\u00e3o, quantidade de ru\u00eddos, temperatura e umidade do ambiente que n\u00e3o s\u00e3o utilizadas ou reguladas de forma adequada.<\/li>\n<li><strong>Estruturais:<\/strong> o \u00faltimo fator diz respeito aos erros de projeto ou de execu\u00e7\u00e3o da obra, al\u00e9m do uso de materiais inadequados ou de qualidade inferior. Isso faz com que o pr\u00e9dio tenha fissuras, rachaduras, vazamentos, entre outros problemas, que afetam diretamente os outros tr\u00eas fatores.<\/li>\n<\/ul>\n<h3>&nbsp;<\/h3>\n<h2>Como prevenir a SED<\/h2>\n<p>Voc\u00ea j\u00e1 deve estar se perguntando: ent\u00e3o, o que eu posso fazer para evitar isso?<\/p>\n<p>O primeiro passo \u00e9 a implementa\u00e7\u00e3o do <a href=\"http:\/\/www.protermica.com.br\/blog\/lei-do-pmoc\/\"><strong>Plano de Manuten\u00e7\u00e3o, Opera\u00e7\u00e3o e Controle (PMOC)<\/strong><\/a> que \u00e9 uma exig\u00eancia do Minist\u00e9rio da Sa\u00fade.<\/p>\n<p>PMOC \u00e9 uma norma que re\u00fane todos os procedimentos necess\u00e1rios para a verifica\u00e7\u00e3o da limpeza, conserva\u00e7\u00e3o e manuten\u00e7\u00e3o dos sistemas de climatiza\u00e7\u00e3o de edif\u00edcios e constru\u00e7\u00f5es.<\/p>\n<p>Ela tem como objetivo manter os equipamentos e estruturas que fazem parte do processo de climatiza\u00e7\u00e3o do ambiente livres de fungos, bact\u00e9rias, \u00e1caros e outros agentes biol\u00f3gicos nocivos \u00e0 sa\u00fade humana.<\/p>\n<p>Al\u00e9m disso, algumas outras a\u00e7\u00f5es podem ajudar a prevenir o surgimento da s\u00edndrome do edif\u00edcio doente:<\/p>\n<ul>\n<li>Manter sempre o ambiente limpo.<\/li>\n<li>Realizar periodicamente o controle da presen\u00e7a de VOC (Compostos Org\u00e2nicos Vol\u00e1teis) dentro dos ambientes.<\/li>\n<li>Controlar a quantidade e a qualidade dos produtos de limpeza utilizados.<\/li>\n<li>Avaliar os aspectos f\u00edsicos do ambiente, como ilumina\u00e7\u00e3o, presen\u00e7a de plantas, climatiza\u00e7\u00e3o etc.<\/li>\n<li>Possuir um sistema de ar externo com taxa de renova\u00e7\u00e3o de ar conforme as Normas da ABNT.<\/li>\n<li>Evitar o ac\u00famulo de revistas, jornais, carpetes e tapetes.<\/li>\n<\/ul>\n<h2>&nbsp;<\/h2>\n<h2>Conclus\u00e3o<\/h2>\n<p>Que a ventila\u00e7\u00e3o natural \u00e9 essencial para manter o ambiente saud\u00e1vel, isso voc\u00ea j\u00e1 sabe.<\/p>\n<p>Mas, com o desenvolvimento de tecnologias e a constru\u00e7\u00e3o de edif\u00edcios modernos que realizam a troca do ar do ambiente somente por meio de um sistema de ventila\u00e7\u00e3o, como evitar o desenvolvimento da S\u00edndrome do Edif\u00edcio Doente?<\/p>\n<p>Contar com um projeto bem feito, equipamentos modernos e a realiza\u00e7\u00e3o peri\u00f3dica de manuten\u00e7\u00f5es e limpezas nos equipamentos, conforme orienta\u00e7\u00e3o do fabricante e o seu PMOC s\u00e3o pontos essenciais.<\/p>\n<p>Ent\u00e3o, agora que voc\u00ea j\u00e1 conhece um pouco melhor a SED e sabe como evit\u00e1-la, que tal contar com o apoio de uma empresa que entende sobre instala\u00e7\u00e3o, limpeza e manuten\u00e7\u00e3o de sistemas de climatiza\u00e7\u00e3o?<\/p>\n<p>Entre em <a href=\"http:\/\/www.protermica.com.br\/contato\/\">contato conosco<\/a>! Estamos \u00e0 disposi\u00e7\u00e3o para responder todas as suas d\u00favidas.&nbsp;<\/p>\n<p>&nbsp;<\/p>\n\n\n\n<div role=\"main\" id=\"formulario-orcamento-e178cdff983fde6c2c7c\"><\/div>\n<script type=\"text\/javascript\" src=\"https:\/\/d335luupugsy2.cloudfront.net\/js\/rdstation-forms\/stable\/rdstation-forms.min.js\"><\/script>\n<script type=\"text\/javascript\"> new RDStationForms('formulario-orcamento-e178cdff983fde6c2c7c', 'UA-142540218-1').createForm();<\/script>\n","protected":false},"excerpt":{"rendered":"","protected":false},"author":3,"featured_media":408,"comment_status":"open","ping_status":"open","sticky":false,"template":"","format":"standard","meta":[],"categories":[1],"tags":[],"yoast_head":"<!-- This site is optimized with the Yoast SEO plugin v16.1.1 - https:\/\/yoast.com\/wordpress\/plugins\/seo\/ -->\n<title>Sindrome do edif\u00edcio doente: saiba o que \u00e9 e como evit\u00e1-la<\/title>\n<meta name=\"description\" content=\"Causada geralmente por falta de manuten\u00e7\u00e3o no sistema de ar condicionado, a s\u00edndrome do edif\u00edcio doente pode desencadear v\u00e1rias doen\u00e7as.\" \/>\n<link rel=\"canonical\" href=\"https:\/\/protermica.com.br\/home\/blog\/sindrome-do-edificio-doente\/\" \/>\n<meta property=\"og:locale\" content=\"pt_BR\" \/>\n<meta property=\"og:type\" content=\"article\" \/>\n<meta property=\"og:title\" content=\"Sindrome do edif\u00edcio doente: saiba o que \u00e9 e como evit\u00e1-la\" \/>\n<meta property=\"og:description\" content=\"Causada geralmente por falta de manuten\u00e7\u00e3o no sistema de ar condicionado, a s\u00edndrome do edif\u00edcio doente pode desencadear v\u00e1rias doen\u00e7as.\" \/>\n<meta property=\"og:url\" content=\"https:\/\/protermica.com.br\/home\/blog\/sindrome-do-edificio-doente\/\" \/>\n<meta property=\"og:site_name\" content=\"Prot\u00e9rmica\" \/>\n<meta property=\"article:published_time\" content=\"2019-10-31T14:06:29+00:00\" \/>\n<meta property=\"article:modified_time\" content=\"2020-02-28T00:20:00+00:00\" \/>\n<meta property=\"og:image\" content=\"https:\/\/protermica.com.br\/wp-content\/uploads\/2019\/10\/sindrome_do_edificio_doente.jpg\" \/>\n\t<meta property=\"og:image:width\" content=\"448\" \/>\n\t<meta property=\"og:image:height\" content=\"336\" \/>\n<meta name=\"twitter:card\" content=\"summary_large_image\" \/>\n<meta name=\"twitter:label1\" content=\"Est. tempo de leitura\">\n\t<meta name=\"twitter:data1\" content=\"7 minutos\">\n<script type=\"application\/ld+json\" class=\"yoast-schema-graph\">{\"@context\":\"https:\/\/schema.org\",\"@graph\":[{\"@type\":\"WebSite\",\"@id\":\"https:\/\/protermica.com.br\/home\/#website\",\"url\":\"https:\/\/protermica.com.br\/home\/\",\"name\":\"Prot\\u00e9rmica\",\"description\":\"\",\"potentialAction\":[{\"@type\":\"SearchAction\",\"target\":\"https:\/\/protermica.com.br\/home\/?s={search_term_string}\",\"query-input\":\"required name=search_term_string\"}],\"inLanguage\":\"pt-BR\"},{\"@type\":\"ImageObject\",\"@id\":\"https:\/\/protermica.com.br\/home\/blog\/sindrome-do-edificio-doente\/#primaryimage\",\"inLanguage\":\"pt-BR\",\"url\":\"https:\/\/protermica.com.br\/wp-content\/uploads\/2019\/10\/sindrome_do_edificio_doente.jpg\",\"contentUrl\":\"https:\/\/protermica.com.br\/wp-content\/uploads\/2019\/10\/sindrome_do_edificio_doente.jpg\",\"width\":448,\"height\":336,\"caption\":\"s\\u00edndrome do edificio doente\"},{\"@type\":\"WebPage\",\"@id\":\"https:\/\/protermica.com.br\/home\/blog\/sindrome-do-edificio-doente\/#webpage\",\"url\":\"https:\/\/protermica.com.br\/home\/blog\/sindrome-do-edificio-doente\/\",\"name\":\"Sindrome do edif\\u00edcio doente: saiba o que \\u00e9 e como evit\\u00e1-la\",\"isPartOf\":{\"@id\":\"https:\/\/protermica.com.br\/home\/#website\"},\"primaryImageOfPage\":{\"@id\":\"https:\/\/protermica.com.br\/home\/blog\/sindrome-do-edificio-doente\/#primaryimage\"},\"datePublished\":\"2019-10-31T14:06:29+00:00\",\"dateModified\":\"2020-02-28T00:20:00+00:00\",\"author\":{\"@id\":\"https:\/\/protermica.com.br\/home\/#\/schema\/person\/5eb894fb570f0e12af279036b8f11315\"},\"description\":\"Causada geralmente por falta de manuten\\u00e7\\u00e3o no sistema de ar condicionado, a s\\u00edndrome do edif\\u00edcio doente pode desencadear v\\u00e1rias doen\\u00e7as.\",\"breadcrumb\":{\"@id\":\"https:\/\/protermica.com.br\/home\/blog\/sindrome-do-edificio-doente\/#breadcrumb\"},\"inLanguage\":\"pt-BR\",\"potentialAction\":[{\"@type\":\"ReadAction\",\"target\":[\"https:\/\/protermica.com.br\/home\/blog\/sindrome-do-edificio-doente\/\"]}]},{\"@type\":\"BreadcrumbList\",\"@id\":\"https:\/\/protermica.com.br\/home\/blog\/sindrome-do-edificio-doente\/#breadcrumb\",\"itemListElement\":[{\"@type\":\"ListItem\",\"position\":1,\"item\":{\"@type\":\"WebPage\",\"@id\":\"https:\/\/protermica.com.br\/home\/\",\"url\":\"https:\/\/protermica.com.br\/home\/\",\"name\":\"In\\u00edcio\"}},{\"@type\":\"ListItem\",\"position\":2,\"item\":{\"@type\":\"WebPage\",\"@id\":\"https:\/\/protermica.com.br\/home\/blog\/sindrome-do-edificio-doente\/\",\"url\":\"https:\/\/protermica.com.br\/home\/blog\/sindrome-do-edificio-doente\/\",\"name\":\"S\\u00edndrome do edif\\u00edcio doente: o que \\u00e9 e como evit\\u00e1-la\"}}]},{\"@type\":\"Person\",\"@id\":\"https:\/\/protermica.com.br\/home\/#\/schema\/person\/5eb894fb570f0e12af279036b8f11315\",\"name\":\"Fabio Prot\\u00e9rmica\",\"image\":{\"@type\":\"ImageObject\",\"@id\":\"https:\/\/protermica.com.br\/home\/#personlogo\",\"inLanguage\":\"pt-BR\",\"url\":\"https:\/\/secure.gravatar.com\/avatar\/0023abdc1671f80ad241e2f781e1d6c3?s=96&d=mm&r=g\",\"contentUrl\":\"https:\/\/secure.gravatar.com\/avatar\/0023abdc1671f80ad241e2f781e1d6c3?s=96&d=mm&r=g\",\"caption\":\"Fabio Prot\\u00e9rmica\"},\"sameAs\":[\"http:\/\/www.protermica.com.br\"]}]}<\/script>\n<!-- \/ Yoast SEO plugin. -->","_links":{"self":[{"href":"https:\/\/protermica.com.br\/home\/wp-json\/wp\/v2\/posts\/407"}],"collection":[{"href":"https:\/\/protermica.com.br\/home\/wp-json\/wp\/v2\/posts"}],"about":[{"href":"https:\/\/protermica.com.br\/home\/wp-json\/wp\/v2\/types\/post"}],"author":[{"embeddable":true,"href":"https:\/\/protermica.com.br\/home\/wp-json\/wp\/v2\/users\/3"}],"replies":[{"embeddable":true,"href":"https:\/\/protermica.com.br\/home\/wp-json\/wp\/v2\/comments?post=407"}],"version-history":[{"count":2,"href":"https:\/\/protermica.com.br\/home\/wp-json\/wp\/v2\/posts\/407\/revisions"}],"predecessor-version":[{"id":436,"href":"https:\/\/protermica.com.br\/home\/wp-json\/wp\/v2\/posts\/407\/revisions\/436"}],"wp:featuredmedia":[{"embeddable":true,"href":"https:\/\/protermica.com.br\/home\/wp-json\/wp\/v2\/media\/408"}],"wp:attachment":[{"href":"https:\/\/protermica.com.br\/home\/wp-json\/wp\/v2\/media?parent=407"}],"wp:term":[{"taxonomy":"category","embeddable":true,"href":"https:\/\/protermica.com.br\/home\/wp-json\/wp\/v2\/categories?post=407"},{"taxonomy":"post_tag","embeddable":true,"href":"https:\/\/protermica.com.br\/home\/wp-json\/wp\/v2\/tags?post=407"}],"curies":[{"name":"wp","href":"https:\/\/api.w.org\/{rel}","templated":true}]}}